[{"@context":"https:\/\/schema.org\/","@type":"Article","@id":"https:\/\/www.aponia.cz\/no-a-je-tu-zase-zima-a-vypada-to-ze-hned-tak-od-nas-neodejde\/#Article","mainEntityOfPage":"https:\/\/www.aponia.cz\/no-a-je-tu-zase-zima-a-vypada-to-ze-hned-tak-od-nas-neodejde\/","headline":"No a je tu zase zima a vypad\u00e1 to, \u017ee hned tak od n\u00e1s neodejde","name":"No a je tu zase zima a vypad\u00e1 to, \u017ee hned tak od n\u00e1s neodejde","description":"Pro mnoho lid\u00ed tohle nen\u00ed v\u016fbec dobr\u00e1 zpr\u00e1va. A i kdy\u017e m\u00e1te zimu r\u00e1di pro mo\u017enosti vyu\u017eit\u00ed tohoto obdob\u00ed k&hellip;","datePublished":"2025-03-16","dateModified":"2025-03-16","author":{"@type":"Person","@id":"https:\/\/www.aponia.cz\/author\/devene\/#Person","name":"devene","url":"https:\/\/www.aponia.cz\/author\/devene\/","identifier":1,"image":{"@type":"ImageObject","@id":"https:\/\/secure.gravatar.com\/avatar\/4bf629230dc34158290ba5b10491f45b3bfbba94b88af3386c3da2fed730f430?s=96&d=mm&r=g","url":"https:\/\/secure.gravatar.com\/avatar\/4bf629230dc34158290ba5b10491f45b3bfbba94b88af3386c3da2fed730f430?s=96&d=mm&r=g","height":96,"width":96}},"publisher":{"@type":"Organization","name":"aponia.cz","logo":{"@type":"ImageObject","@id":"\/logo.png","url":"\/logo.png","width":600,"height":60}},"url":"https:\/\/www.aponia.cz\/no-a-je-tu-zase-zima-a-vypada-to-ze-hned-tak-od-nas-neodejde\/","wordCount":218,"articleBody":"Pro mnoho lid\u00ed tohle nen\u00ed v\u016fbec dobr\u00e1 zpr\u00e1va. A i kdy\u017e m\u00e1te zimu r\u00e1di pro mo\u017enosti vyu\u017eit\u00ed tohoto obdob\u00ed k r\u016fznorod\u00fdm sportovn\u00edm \u010dinnostem, asi i v\u00e1m n\u011bkdy nen\u00ed p\u0159\u00edjemn\u00e9 to vlezl\u00e9, do kost\u00ed pronikaj\u00edc\u00ed a chladn\u00e9 po\u010das\u00ed. Zvl\u00e1\u0161t\u011b pak, pokud nem\u016f\u017eete u\u017e\u00edvat pohody na hor\u00e1ch, ale mus\u00edte pob\u00fdvat v sychrav\u00e9m a nepohodln\u00e9m prost\u0159ed\u00ed ve m\u011bst\u011b. V\u0161echno se pak jev\u00ed jako \u0161ediv\u00e9 a\u017e depresivn\u00ed. Ale sta\u010d\u00ed p\u0159idat do \u017eivota trochu barev a vesel\u00fdch obr\u00e1zk\u016f a hned m\u016f\u017ee v\u0161echno vypadat \u00fapln\u011b jinak. Chce to jen cht\u00edt a ud\u011blat prvn\u00ed krok Pokud vyu\u017eijete mo\u017enosti o\u017eiven\u00ed sv\u00e9ho okol\u00ed, oble\u010den\u00ed nebo r\u016fzn\u00fdch dopl\u0148k\u016f pomoc\u00ed potisku textilu, budete p\u0159ekvapeni, jak se kolem v\u00e1s rozjasn\u00ed. R\u00e1zem z v\u00e1s budou zcela jin\u00ed lid\u00e9 a budete p\u0159itahovat podobn\u011b nalad\u011bn\u00e9 osoby. A nejen to. Zm\u011bnou sv\u00e9ho pocitu dos\u00e1hnete tak\u00e9, d\u00edky sv\u00e9 dobr\u00e9 n\u00e1lad\u011b, lep\u0161\u00edch v\u00fdkon\u016f v zam\u011bstn\u00e1n\u00ed, ve sv\u00fdch kon\u00ed\u010dc\u00edch, ve sv\u00fdch sportovn\u00edch v\u00fdkonech, anebo k lep\u0161\u00ed n\u00e1lad\u011b v okruhu sv\u00fdch nejbli\u017e\u0161\u00edch.                                                                                                                                                                                                                                                                                                                                                                                        5\/5 - (2 votes)        "},{"@context":"https:\/\/schema.org\/","@type":"BreadcrumbList","itemListElement":[{"@type":"ListItem","position":1,"name":"No a je tu zase zima a vypad\u00e1 to, \u017ee hned tak od n\u00e1s neodejde","item":"https:\/\/www.aponia.cz\/no-a-je-tu-zase-zima-a-vypada-to-ze-hned-tak-od-nas-neodejde\/#breadcrumbitem"}]}]