[{"@context":"https:\/\/schema.org\/","@type":"Article","@id":"https:\/\/www.aponia.cz\/vzdelani-s-adhd\/#Article","mainEntityOfPage":"https:\/\/www.aponia.cz\/vzdelani-s-adhd\/","headline":"Vzd\u011bl\u00e1n\u00ed s ADHD","name":"Vzd\u011bl\u00e1n\u00ed s ADHD","description":"Pamatuji si na prvn\u00ed sv\u016fj \u0161koln\u00ed den na z\u00e1kladn\u00ed \u0161kole. Docela prima. Bylo mi sedm let a j\u00e1 jsem se&hellip;","datePublished":"2022-04-22","dateModified":"2023-05-04","author":{"@type":"Person","@id":"https:\/\/www.aponia.cz\/author\/devene\/#Person","name":"devene","url":"https:\/\/www.aponia.cz\/author\/devene\/","identifier":1,"image":{"@type":"ImageObject","@id":"https:\/\/secure.gravatar.com\/avatar\/4bf629230dc34158290ba5b10491f45b3bfbba94b88af3386c3da2fed730f430?s=96&d=mm&r=g","url":"https:\/\/secure.gravatar.com\/avatar\/4bf629230dc34158290ba5b10491f45b3bfbba94b88af3386c3da2fed730f430?s=96&d=mm&r=g","height":96,"width":96}},"publisher":{"@type":"Organization","name":"aponia.cz","logo":{"@type":"ImageObject","@id":"\/logo.png","url":"\/logo.png","width":600,"height":60}},"image":{"@type":"ImageObject","@id":"https:\/\/www.aponia.cz\/wp-content\/uploads\/read-515531_960_720.jpg","url":"https:\/\/www.aponia.cz\/wp-content\/uploads\/read-515531_960_720.jpg","height":0,"width":0},"url":"https:\/\/www.aponia.cz\/vzdelani-s-adhd\/","about":["Vzd\u011bl\u00e1n\u00ed"],"wordCount":425,"articleBody":"Pamatuji si na prvn\u00ed sv\u016fj \u0161koln\u00ed den na z\u00e1kladn\u00ed \u0161kole. Docela prima. Bylo mi sedm let a j\u00e1 jsem se opravdu t\u011b\u0161ila a\u017e p\u016fjdu do prvn\u00ed t\u0159\u00eddy. A proto\u017ee mi bylo sedm let, m\u011bla jsem jeden rok odklad. Proto\u017ee jsem se neum\u011bla soust\u0159edit. Tak moje maminka se mnou chodila k r\u016fzn\u00fdm d\u011btsk\u00fdm psycholog\u016fm a d\u011btsk\u00fdm specialist\u016fm, aby zjistili, co to se mnou v\u016fbec je. J\u00e1 jsem toti\u017e nedok\u00e1zala v\u016fbec sed\u011bt dlouho na m\u00edst\u011b a nedok\u00e1zala jsem se soust\u0159edit na u\u010ditelky v\u00fdklad. Dok\u00e1zala jsem se soust\u0159edit maxim\u00e1ln\u011b patn\u00e1ct minut a potom jsem pot\u0159ebovala n\u011bkam si odb\u011bhnout nebo d\u011blat n\u011bco jin\u00e9ho. Tak\u017ee jsem si pr\u00fd pod lavic\u00ed st\u00e1le hr\u00e1la s prsty anebo jsem si pr\u00fd n\u011bco broukala, n\u011bjakou poh\u00e1dku nebo b\u00e1sni\u010dku.\u00a0 No, byla jsem asi nevyzr\u00e1l\u00e1 na prvn\u00ed t\u0159\u00eddu, to se n\u011bkdy st\u00e1v\u00e1. To moje pan\u00ed u\u010ditelka \u0159\u00edkala, \u017ee jsem je\u0161t\u011b asi nestabiln\u00ed pro vyu\u010dov\u00e1n\u00ed a vzd\u011bl\u00e1v\u00e1n\u00ed.Tak m\u011b z prvn\u00ed t\u0159\u00eddy vzali dom\u016f. A nastoupila jsem do prvn\u00ed t\u0159\u00eddy o rok pozd\u011bji, kdy\u017e mi bylo sedm let. Nicm\u00e9n\u011b ale mus\u00edm \u0159\u00edct, \u017ee tohle m\u011b v\u016fbec n\u011bjak neomezilo ani nepoznamenalo. Vzd\u011bl\u00e1n\u00ed se m\u011bla r\u00e1da a opravdu jsem to brala v\u00e1\u017en\u011b. Nyn\u00ed mi je mi dvacet p\u011bt let a \u0159\u00edk\u00e1m si, \u017ee je\u0161t\u011b se vzd\u011bl\u00e1n\u00edm asi rozhodn\u011b nekon\u010d\u00edm. M\u00e1m dv\u011b maturity.Tak\u017ee nev\u00edm, pro\u010d mi v\u0161ichni \u0159\u00edkali, \u017ee budu hloup\u00e1, kdy\u017e se nebudu ve \u0161kole soust\u0159edit. J\u00e1 m\u00e1m pouze poruchu pozornosti a\u00a0ADHD. A stejn\u011b tak jsem dok\u00e1zala ve vzd\u011bl\u00e1n\u00ed pokro\u010dit d\u00e1l. Dok\u00e1zala jsem ud\u011blat dv\u011b maturity a p\u0159\u00ed\u0161t\u00ed rok jdu na vysokou \u0161kolu. Opravdu se na to t\u011b\u0161\u00edm, tady alespo\u0148 bo\u0159\u00edm m\u00fdty o vzd\u011bl\u00e1n\u00ed, \u017ee i d\u011bti s hyperaktivitou dok\u00e1\u017eou vystudovat vysokou \u0161kolu, proto\u017ee u\u010den\u00ed m\u011b jinak hodn\u011b bav\u00ed a taky mi jde. A maturitn\u00ed vysv\u011bd\u010den\u00ed bylo opravdu perfektn\u00ed, \u017ee by mi mohl opravdu ka\u017ed\u00fd z\u00e1vid\u011bt. Tak\u017ee se nebojte a sna\u017ete se a bojujte\u00a0sami\u00a0za sebe,\u00a0proto\u017ee\u00a0studovat m\u016f\u017eete opravdu v jak\u00e9mkoliv v\u011bku. Zkuste to.                                                                                                                                                                                                                                                                                                                                                                                        4\/5 - (6 votes)        "},{"@context":"https:\/\/schema.org\/","@type":"BreadcrumbList","itemListElement":[{"@type":"ListItem","position":1,"name":"Vzd\u011bl\u00e1n\u00ed s ADHD","item":"https:\/\/www.aponia.cz\/vzdelani-s-adhd\/#breadcrumbitem"}]}]